{"id":2917,"date":"2021-10-22T12:06:14","date_gmt":"2021-10-22T12:06:14","guid":{"rendered":"https:\/\/blog.comicsbarcelona.com\/?p=2917"},"modified":"2021-10-22T12:06:14","modified_gmt":"2021-10-22T12:06:14","slug":"primer-trailer-oficial-de-the-batman","status":"publish","type":"post","link":"https:\/\/blog.comicsbarcelona.com\/index.php\/2021\/10\/22\/primer-trailer-oficial-de-the-batman\/","title":{"rendered":"Primer tr\u00e1iler oficial de &#8220;The Batman&#8221;"},"content":{"rendered":"<p>Ya hemos entrado en una din\u00e1mica en la que el estreno de una <strong>pel\u00edcula de superh\u00e9roes<\/strong> no constituye ninguna novedad, porque al g\u00e9nero est\u00e1 m\u00e1s que asentado.<\/p>\n<p>Sin embargo, hay pel\u00edculas y personajes que siempre despiertan una expectaci\u00f3n especial y sin duda ese es el caso de <a href=\"https:\/\/comicsbarcelona.com\/183-figuras-batman\" target=\"_blank\" rel=\"noopener\"><em><strong>Batman<\/strong><\/em><\/a>.<\/p>\n<p><img loading=\"lazy\" class=\"wp-image-2918 aligncenter\" src=\"https:\/\/blog.comicsbarcelona.com\/wp-content\/uploads\/2021\/10\/asd.jpg\" alt=\"\" width=\"434\" height=\"434\" srcset=\"https:\/\/blog.comicsbarcelona.com\/wp-content\/uploads\/2021\/10\/asd.jpg 1000w, https:\/\/blog.comicsbarcelona.com\/wp-content\/uploads\/2021\/10\/asd-300x300.jpg 300w, https:\/\/blog.comicsbarcelona.com\/wp-content\/uploads\/2021\/10\/asd-150x150.jpg 150w, https:\/\/blog.comicsbarcelona.com\/wp-content\/uploads\/2021\/10\/asd-768x768.jpg 768w, https:\/\/blog.comicsbarcelona.com\/wp-content\/uploads\/2021\/10\/asd-370x370.jpg 370w, https:\/\/blog.comicsbarcelona.com\/wp-content\/uploads\/2021\/10\/asd-270x270.jpg 270w, https:\/\/blog.comicsbarcelona.com\/wp-content\/uploads\/2021\/10\/asd-570x570.jpg 570w, https:\/\/blog.comicsbarcelona.com\/wp-content\/uploads\/2021\/10\/asd-740x740.jpg 740w\" sizes=\"(max-width: 434px) 100vw, 434px\" \/><\/p>\n<p>Desde que en 1989 <a href=\"https:\/\/comicsbarcelona.com\/figuras\/129139-figura-batman-1989-nendoroid-good-smile-4580590125537.html\" target=\"_blank\" rel=\"noopener\"><em><strong>Tim Burton<\/strong><\/em><\/a> lo llevase al cine por primera vez (de una forma m\u00e1s o menos rigurosa, <em>sorry<\/em>, <a href=\"https:\/\/comicsbarcelona.com\/mcfarlane\/128267-figura-batman-66-dc-retro-mcfarlane-toys-comprar-787926150315.html\" target=\"_blank\" rel=\"noopener\"><em><strong>Adam West<\/strong><\/em><\/a>), el <em><strong>Se\u00f1or de la Noche<\/strong><\/em> se ha convertido en personaje recurrente en las salas de cine, y desde luego no pod\u00eda permanecer ajeno a esta ola de popularidad que est\u00e1n viviendo sus compa\u00f1eros de <strong>vi\u00f1etas<\/strong> en sus traslaciones a las pantallas.<\/p>\n<p><img loading=\"lazy\" class=\" wp-image-2919 aligncenter\" src=\"https:\/\/blog.comicsbarcelona.com\/wp-content\/uploads\/2021\/10\/x_mcf10936_h.jpg\" alt=\"\" width=\"448\" height=\"448\" srcset=\"https:\/\/blog.comicsbarcelona.com\/wp-content\/uploads\/2021\/10\/x_mcf10936_h.jpg 1000w, https:\/\/blog.comicsbarcelona.com\/wp-content\/uploads\/2021\/10\/x_mcf10936_h-300x300.jpg 300w, https:\/\/blog.comicsbarcelona.com\/wp-content\/uploads\/2021\/10\/x_mcf10936_h-150x150.jpg 150w, https:\/\/blog.comicsbarcelona.com\/wp-content\/uploads\/2021\/10\/x_mcf10936_h-768x768.jpg 768w, https:\/\/blog.comicsbarcelona.com\/wp-content\/uploads\/2021\/10\/x_mcf10936_h-370x370.jpg 370w, https:\/\/blog.comicsbarcelona.com\/wp-content\/uploads\/2021\/10\/x_mcf10936_h-270x270.jpg 270w, https:\/\/blog.comicsbarcelona.com\/wp-content\/uploads\/2021\/10\/x_mcf10936_h-570x570.jpg 570w, https:\/\/blog.comicsbarcelona.com\/wp-content\/uploads\/2021\/10\/x_mcf10936_h-740x740.jpg 740w\" sizes=\"(max-width: 448px) 100vw, 448px\" \/><\/p>\n<p>Desde <a href=\"https:\/\/comicsbarcelona.com\/iron-studios\/127419-estatua-batman-iron-studios-batman-vuelve-tim-burton-0609963127900.html\" target=\"_blank\" rel=\"noopener\"><em><strong>Michael Keaton<\/strong><\/em><\/a> han sido ya unos cuantos los rostros que se han ocultado tras la m\u00e1scara de orejas puntiagudas: <a href=\"https:\/\/comicsbarcelona.com\/hot-toys\/124316-figura-batman-hot-toys-comprar-forever-sonar-suit-4895228607362.html\" target=\"_blank\" rel=\"noopener\"><em><strong>Val Kilmer<\/strong><\/em><\/a>, <em><strong>George Clooney<\/strong><\/em>, <a href=\"https:\/\/comicsbarcelona.com\/hot-toys\/123088-batman-hot-toys-dark-knight-rises-dx19-comprar-figura-4895228607126.html\" target=\"_blank\" rel=\"noopener\"><em><strong>Christian Bale<\/strong><\/em><\/a>, <a href=\"https:\/\/comicsbarcelona.com\/mcfarlane\/126289-figura-batman-mcfarlane-unmasked-zack-snyder-justice-league-2021-dc-multiverse-comprar-787926150964.html\" target=\"_blank\" rel=\"noopener\"><em><strong>Ben Affleck<\/strong><\/em><\/a> y ahora le toca el turno a <a href=\"https:\/\/comicsbarcelona.com\/dc-collectibles\/130521-estatua-the-batman-2022-dc-direct-787926301960.html\" target=\"_blank\" rel=\"noopener\"><em><strong>Robert Pattinson<\/strong><\/em><\/a>, una elecci\u00f3n controvertida (como todas, tengamos memoria) en un film que su director <em><strong>Matt Reeves<\/strong><\/em> promete que estar\u00e1 centrado en la vertiente mas <em>noir<\/em> y detectivesca del vigilante de Gotham.<\/p>\n<p><img loading=\"lazy\" class=\" wp-image-2920 aligncenter\" src=\"https:\/\/blog.comicsbarcelona.com\/wp-content\/uploads\/2021\/10\/x_mcf15076_f.jpg\" alt=\"\" width=\"478\" height=\"478\" srcset=\"https:\/\/blog.comicsbarcelona.com\/wp-content\/uploads\/2021\/10\/x_mcf15076_f.jpg 1000w, https:\/\/blog.comicsbarcelona.com\/wp-content\/uploads\/2021\/10\/x_mcf15076_f-300x300.jpg 300w, https:\/\/blog.comicsbarcelona.com\/wp-content\/uploads\/2021\/10\/x_mcf15076_f-150x150.jpg 150w, https:\/\/blog.comicsbarcelona.com\/wp-content\/uploads\/2021\/10\/x_mcf15076_f-768x768.jpg 768w, https:\/\/blog.comicsbarcelona.com\/wp-content\/uploads\/2021\/10\/x_mcf15076_f-370x370.jpg 370w, https:\/\/blog.comicsbarcelona.com\/wp-content\/uploads\/2021\/10\/x_mcf15076_f-270x270.jpg 270w, https:\/\/blog.comicsbarcelona.com\/wp-content\/uploads\/2021\/10\/x_mcf15076_f-570x570.jpg 570w, https:\/\/blog.comicsbarcelona.com\/wp-content\/uploads\/2021\/10\/x_mcf15076_f-740x740.jpg 740w\" sizes=\"(max-width: 478px) 100vw, 478px\" \/><\/p>\n<p>Y como en la pasada <em><strong>DC Fandome<\/strong><\/em> se ha dado a conocer el <strong>primer tr\u00e1iler oficial de la pel\u00edcula<\/strong>, hemos querido descubrirlo con vosotros en <a href=\"https:\/\/www.youtube.com\/channel\/UC6Y_tJUNQ5m0KpLHLXs17Cg\" target=\"_blank\" rel=\"noopener\">nuestro canal de <em>Youtube<\/em><\/a> en el v\u00eddeo que os dejamos al final de esta entrada.<\/p>\n<p><img loading=\"lazy\" class=\"wp-image-2921 aligncenter\" src=\"https:\/\/blog.comicsbarcelona.com\/wp-content\/uploads\/2021\/10\/x_mcf15077_f.jpg\" alt=\"\" width=\"498\" height=\"498\" srcset=\"https:\/\/blog.comicsbarcelona.com\/wp-content\/uploads\/2021\/10\/x_mcf15077_f.jpg 1000w, https:\/\/blog.comicsbarcelona.com\/wp-content\/uploads\/2021\/10\/x_mcf15077_f-300x300.jpg 300w, https:\/\/blog.comicsbarcelona.com\/wp-content\/uploads\/2021\/10\/x_mcf15077_f-150x150.jpg 150w, https:\/\/blog.comicsbarcelona.com\/wp-content\/uploads\/2021\/10\/x_mcf15077_f-768x768.jpg 768w, https:\/\/blog.comicsbarcelona.com\/wp-content\/uploads\/2021\/10\/x_mcf15077_f-370x370.jpg 370w, https:\/\/blog.comicsbarcelona.com\/wp-content\/uploads\/2021\/10\/x_mcf15077_f-270x270.jpg 270w, https:\/\/blog.comicsbarcelona.com\/wp-content\/uploads\/2021\/10\/x_mcf15077_f-570x570.jpg 570w, https:\/\/blog.comicsbarcelona.com\/wp-content\/uploads\/2021\/10\/x_mcf15077_f-740x740.jpg 740w\" sizes=\"(max-width: 498px) 100vw, 498px\" \/><\/p>\n<p>Y si el tr\u00e1iler de <em><strong>The Batman<\/strong><\/em> se ha hecho esperar, las figuras relacionadas con la pel\u00edcula han aparecido casi<strong> inmediatamente despu\u00e9s<\/strong>, porque ya pod\u00e9is reservar en nuestra web las que ya han anunciado desde <a href=\"https:\/\/comicsbarcelona.com\/mcfarlane\/130499-figura-riddler-acertijo-the-batman-2022-dc-multiverse-mcfarlane-toys-787926150773.html\" target=\"_blank\" rel=\"noopener\"><em><strong>Mcfarlane Toys<\/strong> <\/em><\/a>y <a href=\"https:\/\/comicsbarcelona.com\/dc-collectibles\/130521-estatua-the-batman-2022-dc-direct-787926301960.html\" target=\"_blank\" rel=\"noopener\"><em><strong>DC Direct<\/strong> <\/em><\/a>y que ilustran toda esta entrada, simplemente haciendo <em>click <a href=\"https:\/\/comicsbarcelona.com\/183-figuras-batman\" target=\"_blank\" rel=\"noopener\"><strong>aqu\u00ed<\/strong><\/a><\/em>.<\/p>\n<p><img loading=\"lazy\" class=\"wp-image-2922 aligncenter\" src=\"https:\/\/blog.comicsbarcelona.com\/wp-content\/uploads\/2021\/10\/x_mcf15079_f.jpg\" alt=\"\" width=\"497\" height=\"497\" srcset=\"https:\/\/blog.comicsbarcelona.com\/wp-content\/uploads\/2021\/10\/x_mcf15079_f.jpg 1000w, https:\/\/blog.comicsbarcelona.com\/wp-content\/uploads\/2021\/10\/x_mcf15079_f-300x300.jpg 300w, https:\/\/blog.comicsbarcelona.com\/wp-content\/uploads\/2021\/10\/x_mcf15079_f-150x150.jpg 150w, https:\/\/blog.comicsbarcelona.com\/wp-content\/uploads\/2021\/10\/x_mcf15079_f-768x768.jpg 768w, https:\/\/blog.comicsbarcelona.com\/wp-content\/uploads\/2021\/10\/x_mcf15079_f-370x370.jpg 370w, https:\/\/blog.comicsbarcelona.com\/wp-content\/uploads\/2021\/10\/x_mcf15079_f-270x270.jpg 270w, https:\/\/blog.comicsbarcelona.com\/wp-content\/uploads\/2021\/10\/x_mcf15079_f-570x570.jpg 570w, https:\/\/blog.comicsbarcelona.com\/wp-content\/uploads\/2021\/10\/x_mcf15079_f-740x740.jpg 740w\" sizes=\"(max-width: 497px) 100vw, 497px\" \/><\/p>\n<p>Y sin m\u00e1s, os dejamos con el v\u00eddeo y esperamos vuestros comentarios en el mismo de qu\u00e9 esper\u00e1is de esta nueva andadura de el <em>hombre murci\u00e9lago<\/em> y de esta pel\u00edcula en concreto.<\/p>\n<p>\u00a1<strong>Por <em>Eternia<\/em><\/strong>!<\/p>\n<p style=\"text-align: center;\"><iframe loading=\"lazy\" title=\"YouTube video player\" src=\"https:\/\/www.youtube.com\/embed\/bV0ir7NOilw\" width=\"560\" height=\"315\" frameborder=\"0\" allowfullscreen=\"allowfullscreen\"><\/iframe><\/p>\n","protected":false},"excerpt":{"rendered":"<p>Ya hemos entrado en una din\u00e1mica en la que el estreno de una pel\u00edcula de superh\u00e9roes no constituye ninguna novedad, porque al g\u00e9nero est\u00e1 m\u00e1s que asentado. Sin embargo, hay pel\u00edculas y personajes que siempre despiertan una expectaci\u00f3n especial y sin duda ese es el caso de Batman. Desde que en 1989 Tim Burton lo [&hellip;]<\/p>\n","protected":false},"author":1,"featured_media":2924,"comment_status":"closed","ping_status":"open","sticky":false,"template":"","format":"standard","meta":[],"categories":[1],"tags":[],"_links":{"self":[{"href":"https:\/\/blog.comicsbarcelona.com\/index.php\/wp-json\/wp\/v2\/posts\/2917"}],"collection":[{"href":"https:\/\/blog.comicsbarcelona.com\/index.php\/wp-json\/wp\/v2\/posts"}],"about":[{"href":"https:\/\/blog.comicsbarcelona.com\/index.php\/wp-json\/wp\/v2\/types\/post"}],"author":[{"embeddable":true,"href":"https:\/\/blog.comicsbarcelona.com\/index.php\/wp-json\/wp\/v2\/users\/1"}],"replies":[{"embeddable":true,"href":"https:\/\/blog.comicsbarcelona.com\/index.php\/wp-json\/wp\/v2\/comments?post=2917"}],"version-history":[{"count":2,"href":"https:\/\/blog.comicsbarcelona.com\/index.php\/wp-json\/wp\/v2\/posts\/2917\/revisions"}],"predecessor-version":[{"id":2925,"href":"https:\/\/blog.comicsbarcelona.com\/index.php\/wp-json\/wp\/v2\/posts\/2917\/revisions\/2925"}],"wp:featuredmedia":[{"embeddable":true,"href":"https:\/\/blog.comicsbarcelona.com\/index.php\/wp-json\/wp\/v2\/media\/2924"}],"wp:attachment":[{"href":"https:\/\/blog.comicsbarcelona.com\/index.php\/wp-json\/wp\/v2\/media?parent=2917"}],"wp:term":[{"taxonomy":"category","embeddable":true,"href":"https:\/\/blog.comicsbarcelona.com\/index.php\/wp-json\/wp\/v2\/categories?post=2917"},{"taxonomy":"post_tag","embeddable":true,"href":"https:\/\/blog.comicsbarcelona.com\/index.php\/wp-json\/wp\/v2\/tags?post=2917"}],"curies":[{"name":"wp","href":"https:\/\/api.w.org\/{rel}","templated":true}]}}