{"id":2986,"date":"2021-12-03T13:14:33","date_gmt":"2021-12-03T13:14:33","guid":{"rendered":"https:\/\/blog.comicsbarcelona.com\/?p=2986"},"modified":"2021-12-03T13:14:33","modified_gmt":"2021-12-03T13:14:33","slug":"cab-halloloco-de-jan-dq-recupera-unas-historietas-clasicas","status":"publish","type":"post","link":"https:\/\/blog.comicsbarcelona.com\/index.php\/2021\/12\/03\/cab-halloloco-de-jan-dq-recupera-unas-historietas-clasicas\/","title":{"rendered":"Cab Halloloco de Jan: DQ recupera unas historietas cl\u00e1sicas."},"content":{"rendered":"<p><em><strong>Jan<\/strong> <\/em>es mucho m\u00e1s que el padre de <em><strong>Superl\u00f3pez<\/strong><\/em>.<\/p>\n<p>Es una de las <strong>figuras m\u00e1s importantes e influyentes<\/strong> de nuestra historieta de cuyo arte tenemos la suerte de poder seguir disfrutando en la actualidad.<\/p>\n<p>Sin embargo, como tantos otros colegas de profesi\u00f3n, a principios de los a\u00f1os 80 tuvo que abandonar la entonces todopoderosa <strong>Editorial Bruguera<\/strong> ante el evidente declive de esta para poder seguir trabajando.<\/p>\n<p>Fue entonces cuando recal\u00f3 en la revista <em><strong>Jauja<\/strong> <\/em>que se public\u00f3 <strong>solamente<\/strong> entre <strong>1982<\/strong> y <strong>1983<\/strong> y en donde cre\u00f3 a un personaje que, a pesar de su ef\u00edmera trayectoria, dej\u00f3 un <strong>recuerdo imborrable<\/strong> en los miles de ni\u00f1os de aquel entonces, hoy ya m\u00e1s que adultos, que sabemos apreciar el valor de aquellas vi\u00f1etas hist\u00f3ricas.<\/p>\n<p>Es aqu\u00ed donde la <a href=\"https:\/\/editorialdq.com\/comics\/\" target=\"_blank\" rel=\"noopener\"><em><strong>Editorial DQ<\/strong><\/em><\/a> entra en escena, decidiendo recuperar aquellas p\u00e1ginas de <em><strong>Cab Halloloco<\/strong><\/em> con un <em>recoloreado<\/em> y una introducci\u00f3n totalmente nuevos para los lectores de 2021.<\/p>\n<p>Y es de esa edici\u00f3n de la que os hablamos en la <strong>rese\u00f1a<\/strong> de esta semana en el canal.<\/p>\n<p>Muchas gracias a todos y \u00a1<strong>Por <em>Eternia<\/em><\/strong>!<\/p>\n<p>&nbsp;<\/p>\n<p style=\"text-align: center;\">\n<iframe loading=\"lazy\" title=\"YouTube video player\" src=\"https:\/\/www.youtube.com\/embed\/bKlZ6Khyg9k\" width=\"560\" height=\"315\" frameborder=\"0\" allowfullscreen=\"allowfullscreen\"><\/iframe><\/p>\n","protected":false},"excerpt":{"rendered":"<p>Jan es mucho m\u00e1s que el padre de Superl\u00f3pez. Es una de las figuras m\u00e1s importantes e influyentes de nuestra historieta de cuyo arte tenemos la suerte de poder seguir disfrutando en la actualidad. Sin embargo, como tantos otros colegas de profesi\u00f3n, a principios de los a\u00f1os 80 tuvo que abandonar la entonces todopoderosa Editorial [&hellip;]<\/p>\n","protected":false},"author":1,"featured_media":2987,"comment_status":"closed","ping_status":"open","sticky":false,"template":"","format":"standard","meta":[],"categories":[87],"tags":[],"_links":{"self":[{"href":"https:\/\/blog.comicsbarcelona.com\/index.php\/wp-json\/wp\/v2\/posts\/2986"}],"collection":[{"href":"https:\/\/blog.comicsbarcelona.com\/index.php\/wp-json\/wp\/v2\/posts"}],"about":[{"href":"https:\/\/blog.comicsbarcelona.com\/index.php\/wp-json\/wp\/v2\/types\/post"}],"author":[{"embeddable":true,"href":"https:\/\/blog.comicsbarcelona.com\/index.php\/wp-json\/wp\/v2\/users\/1"}],"replies":[{"embeddable":true,"href":"https:\/\/blog.comicsbarcelona.com\/index.php\/wp-json\/wp\/v2\/comments?post=2986"}],"version-history":[{"count":1,"href":"https:\/\/blog.comicsbarcelona.com\/index.php\/wp-json\/wp\/v2\/posts\/2986\/revisions"}],"predecessor-version":[{"id":2988,"href":"https:\/\/blog.comicsbarcelona.com\/index.php\/wp-json\/wp\/v2\/posts\/2986\/revisions\/2988"}],"wp:featuredmedia":[{"embeddable":true,"href":"https:\/\/blog.comicsbarcelona.com\/index.php\/wp-json\/wp\/v2\/media\/2987"}],"wp:attachment":[{"href":"https:\/\/blog.comicsbarcelona.com\/index.php\/wp-json\/wp\/v2\/media?parent=2986"}],"wp:term":[{"taxonomy":"category","embeddable":true,"href":"https:\/\/blog.comicsbarcelona.com\/index.php\/wp-json\/wp\/v2\/categories?post=2986"},{"taxonomy":"post_tag","embeddable":true,"href":"https:\/\/blog.comicsbarcelona.com\/index.php\/wp-json\/wp\/v2\/tags?post=2986"}],"curies":[{"name":"wp","href":"https:\/\/api.w.org\/{rel}","templated":true}]}}